{"id":1832,"date":"2022-09-08T15:04:32","date_gmt":"2022-09-08T13:04:32","guid":{"rendered":"http:\/\/design-in.city\/?p=1832"},"modified":"2022-10-07T13:08:03","modified_gmt":"2022-10-07T11:08:03","slug":"pop-in-store-six-magasins-de-courtrai-accueillent-six-designers-du-nord-de-la-france-et-de-wallonie","status":"publish","type":"post","link":"https:\/\/design-in.city\/fr\/pop-in-store-six-magasins-de-courtrai-accueillent-six-designers-du-nord-de-la-france-et-de-wallonie\/","title":{"rendered":"POP IN STORE, des designers fran\u00e7ais et wallons \u00e0 d\u00e9couvrir \u00e0 Courtrai"},"content":{"rendered":"<p>Jusqu&rsquo;au 15 juillet, six magasins de Courtrai pr\u00e9senteront les cr\u00e9ations innovantes de six designers du Nord de la France et de Wallonie<\/p>\n","protected":false},"excerpt":{"rendered":"<p>Jusqu&rsquo;au 15 juillet, six magasins de Courtrai pr\u00e9senteront les cr\u00e9ations innovantes de six designers du Nord de la France et de Wallonie<\/p>\n","protected":false},"author":6,"featured_media":1833,"comment_status":"closed","ping_status":"open","sticky":false,"template":"","format":"standard","meta":{"_monsterinsights_skip_tracking":false,"_monsterinsights_sitenote_active":false,"_monsterinsights_sitenote_note":"","_monsterinsights_sitenote_category":0},"categories":[12],"tags":[],"acf":[],"yoast_head":"<!-- This site is optimized with the Yoast SEO plugin v18.4.1 - https:\/\/yoast.com\/wordpress\/plugins\/seo\/ -->\n<title>POP IN STORE, des designers fran\u00e7ais et wallons \u00e0 d\u00e9couvrir \u00e0 Courtrai - Design&#039;In<\/title>\n<meta name=\"robots\" content=\"index, follow, max-snippet:-1, max-image-preview:large, max-video-preview:-1\" \/>\n<link rel=\"canonical\" href=\"https:\/\/design-in.city\/fr\/pop-in-store-six-magasins-de-courtrai-accueillent-six-designers-du-nord-de-la-france-et-de-wallonie\/\" \/>\n<meta property=\"og:locale\" content=\"fr_FR\" \/>\n<meta property=\"og:type\" content=\"article\" \/>\n<meta property=\"og:title\" content=\"POP IN STORE, des designers fran\u00e7ais et wallons \u00e0 d\u00e9couvrir \u00e0 Courtrai - Design&#039;In\" \/>\n<meta property=\"og:description\" content=\"Jusqu&rsquo;au 15 juillet, six magasins de Courtrai pr\u00e9senteront les cr\u00e9ations innovantes de six designers du Nord de la France et de Wallonie\" \/>\n<meta property=\"og:url\" content=\"https:\/\/design-in.city\/fr\/pop-in-store-six-magasins-de-courtrai-accueillent-six-designers-du-nord-de-la-france-et-de-wallonie\/\" \/>\n<meta property=\"og:site_name\" content=\"Design&#039;In\" \/>\n<meta property=\"article:published_time\" content=\"2022-09-08T13:04:32+00:00\" \/>\n<meta property=\"article:modified_time\" content=\"2022-10-07T11:08:03+00:00\" \/>\n<meta property=\"og:image\" content=\"http:\/\/design-in.city\/wp-content\/uploads\/2022\/09\/Capture3.jpg\" \/>\n\t<meta property=\"og:image:width\" content=\"673\" \/>\n\t<meta property=\"og:image:height\" content=\"672\" \/>\n\t<meta property=\"og:image:type\" content=\"image\/jpeg\" \/>\n<meta name=\"twitter:card\" content=\"summary_large_image\" \/>\n<meta name=\"twitter:label1\" content=\"\u00c9crit par\" \/>\n\t<meta name=\"twitter:data1\" content=\"mHeuskin\" \/>\n<script type=\"application\/ld+json\" class=\"yoast-schema-graph\">{\"@context\":\"https:\/\/schema.org\",\"@graph\":[{\"@type\":\"WebSite\",\"@id\":\"http:\/\/design-in.city\/fr\/#website\",\"url\":\"http:\/\/design-in.city\/fr\/\",\"name\":\"Design&#039;In\",\"description\":\"L\u2019objectif du projet DESIGN IN est de renforcer et stimuler le d\u00e9veloppement des commerces de centre-ville par l\u2019int\u00e9gration du design\",\"potentialAction\":[{\"@type\":\"SearchAction\",\"target\":{\"@type\":\"EntryPoint\",\"urlTemplate\":\"http:\/\/design-in.city\/fr\/?s={search_term_string}\"},\"query-input\":\"required name=search_term_string\"}],\"inLanguage\":\"fr-FR\"},{\"@type\":\"ImageObject\",\"@id\":\"https:\/\/design-in.city\/fr\/pop-in-store-six-magasins-de-courtrai-accueillent-six-designers-du-nord-de-la-france-et-de-wallonie\/#primaryimage\",\"inLanguage\":\"fr-FR\",\"url\":\"https:\/\/design-in.city\/wp-content\/uploads\/2022\/09\/Capture3.jpg\",\"contentUrl\":\"https:\/\/design-in.city\/wp-content\/uploads\/2022\/09\/Capture3.jpg\",\"width\":673,\"height\":672},{\"@type\":\"WebPage\",\"@id\":\"https:\/\/design-in.city\/fr\/pop-in-store-six-magasins-de-courtrai-accueillent-six-designers-du-nord-de-la-france-et-de-wallonie\/#webpage\",\"url\":\"https:\/\/design-in.city\/fr\/pop-in-store-six-magasins-de-courtrai-accueillent-six-designers-du-nord-de-la-france-et-de-wallonie\/\",\"name\":\"POP IN STORE, des designers fran\u00e7ais et wallons \u00e0 d\u00e9couvrir \u00e0 Courtrai - Design&#039;In\",\"isPartOf\":{\"@id\":\"http:\/\/design-in.city\/fr\/#website\"},\"primaryImageOfPage\":{\"@id\":\"https:\/\/design-in.city\/fr\/pop-in-store-six-magasins-de-courtrai-accueillent-six-designers-du-nord-de-la-france-et-de-wallonie\/#primaryimage\"},\"datePublished\":\"2022-09-08T13:04:32+00:00\",\"dateModified\":\"2022-10-07T11:08:03+00:00\",\"author\":{\"@id\":\"http:\/\/design-in.city\/fr\/#\/schema\/person\/b08a40513a989a1042107e7bd82cecb8\"},\"breadcrumb\":{\"@id\":\"https:\/\/design-in.city\/fr\/pop-in-store-six-magasins-de-courtrai-accueillent-six-designers-du-nord-de-la-france-et-de-wallonie\/#breadcrumb\"},\"inLanguage\":\"fr-FR\",\"potentialAction\":[{\"@type\":\"ReadAction\",\"target\":[\"https:\/\/design-in.city\/fr\/pop-in-store-six-magasins-de-courtrai-accueillent-six-designers-du-nord-de-la-france-et-de-wallonie\/\"]}]},{\"@type\":\"BreadcrumbList\",\"@id\":\"https:\/\/design-in.city\/fr\/pop-in-store-six-magasins-de-courtrai-accueillent-six-designers-du-nord-de-la-france-et-de-wallonie\/#breadcrumb\",\"itemListElement\":[{\"@type\":\"ListItem\",\"position\":1,\"name\":\"Accueil\",\"item\":\"http:\/\/design-in.city\/fr\/\"},{\"@type\":\"ListItem\",\"position\":2,\"name\":\"POP IN STORE, des designers fran\u00e7ais et wallons \u00e0 d\u00e9couvrir \u00e0 Courtrai\"}]},{\"@type\":\"Person\",\"@id\":\"http:\/\/design-in.city\/fr\/#\/schema\/person\/b08a40513a989a1042107e7bd82cecb8\",\"name\":\"mHeuskin\",\"image\":{\"@type\":\"ImageObject\",\"@id\":\"http:\/\/design-in.city\/fr\/#personlogo\",\"inLanguage\":\"fr-FR\",\"url\":\"https:\/\/secure.gravatar.com\/avatar\/e6d1ca56972810fa68fa958fe4a5668a?s=96&d=mm&r=g\",\"contentUrl\":\"https:\/\/secure.gravatar.com\/avatar\/e6d1ca56972810fa68fa958fe4a5668a?s=96&d=mm&r=g\",\"caption\":\"mHeuskin\"},\"url\":\"https:\/\/design-in.city\/fr\/author\/mheuskin\/\"}]}<\/script>\n<!-- \/ Yoast SEO plugin. -->","yoast_head_json":{"title":"POP IN STORE, des designers fran\u00e7ais et wallons \u00e0 d\u00e9couvrir \u00e0 Courtrai - Design&#039;In","robots":{"index":"index","follow":"follow","max-snippet":"max-snippet:-1","max-image-preview":"max-image-preview:large","max-video-preview":"max-video-preview:-1"},"canonical":"https:\/\/design-in.city\/fr\/pop-in-store-six-magasins-de-courtrai-accueillent-six-designers-du-nord-de-la-france-et-de-wallonie\/","og_locale":"fr_FR","og_type":"article","og_title":"POP IN STORE, des designers fran\u00e7ais et wallons \u00e0 d\u00e9couvrir \u00e0 Courtrai - Design&#039;In","og_description":"Jusqu&rsquo;au 15 juillet, six magasins de Courtrai pr\u00e9senteront les cr\u00e9ations innovantes de six designers du Nord de la France et de Wallonie","og_url":"https:\/\/design-in.city\/fr\/pop-in-store-six-magasins-de-courtrai-accueillent-six-designers-du-nord-de-la-france-et-de-wallonie\/","og_site_name":"Design&#039;In","article_published_time":"2022-09-08T13:04:32+00:00","article_modified_time":"2022-10-07T11:08:03+00:00","og_image":[{"width":673,"height":672,"url":"http:\/\/design-in.city\/wp-content\/uploads\/2022\/09\/Capture3.jpg","type":"image\/jpeg"}],"twitter_card":"summary_large_image","twitter_misc":{"\u00c9crit par":"mHeuskin"},"schema":{"@context":"https:\/\/schema.org","@graph":[{"@type":"WebSite","@id":"http:\/\/design-in.city\/fr\/#website","url":"http:\/\/design-in.city\/fr\/","name":"Design&#039;In","description":"L\u2019objectif du projet DESIGN IN est de renforcer et stimuler le d\u00e9veloppement des commerces de centre-ville par l\u2019int\u00e9gration du design","potentialAction":[{"@type":"SearchAction","target":{"@type":"EntryPoint","urlTemplate":"http:\/\/design-in.city\/fr\/?s={search_term_string}"},"query-input":"required name=search_term_string"}],"inLanguage":"fr-FR"},{"@type":"ImageObject","@id":"https:\/\/design-in.city\/fr\/pop-in-store-six-magasins-de-courtrai-accueillent-six-designers-du-nord-de-la-france-et-de-wallonie\/#primaryimage","inLanguage":"fr-FR","url":"https:\/\/design-in.city\/wp-content\/uploads\/2022\/09\/Capture3.jpg","contentUrl":"https:\/\/design-in.city\/wp-content\/uploads\/2022\/09\/Capture3.jpg","width":673,"height":672},{"@type":"WebPage","@id":"https:\/\/design-in.city\/fr\/pop-in-store-six-magasins-de-courtrai-accueillent-six-designers-du-nord-de-la-france-et-de-wallonie\/#webpage","url":"https:\/\/design-in.city\/fr\/pop-in-store-six-magasins-de-courtrai-accueillent-six-designers-du-nord-de-la-france-et-de-wallonie\/","name":"POP IN STORE, des designers fran\u00e7ais et wallons \u00e0 d\u00e9couvrir \u00e0 Courtrai - Design&#039;In","isPartOf":{"@id":"http:\/\/design-in.city\/fr\/#website"},"primaryImageOfPage":{"@id":"https:\/\/design-in.city\/fr\/pop-in-store-six-magasins-de-courtrai-accueillent-six-designers-du-nord-de-la-france-et-de-wallonie\/#primaryimage"},"datePublished":"2022-09-08T13:04:32+00:00","dateModified":"2022-10-07T11:08:03+00:00","author":{"@id":"http:\/\/design-in.city\/fr\/#\/schema\/person\/b08a40513a989a1042107e7bd82cecb8"},"breadcrumb":{"@id":"https:\/\/design-in.city\/fr\/pop-in-store-six-magasins-de-courtrai-accueillent-six-designers-du-nord-de-la-france-et-de-wallonie\/#breadcrumb"},"inLanguage":"fr-FR","potentialAction":[{"@type":"ReadAction","target":["https:\/\/design-in.city\/fr\/pop-in-store-six-magasins-de-courtrai-accueillent-six-designers-du-nord-de-la-france-et-de-wallonie\/"]}]},{"@type":"BreadcrumbList","@id":"https:\/\/design-in.city\/fr\/pop-in-store-six-magasins-de-courtrai-accueillent-six-designers-du-nord-de-la-france-et-de-wallonie\/#breadcrumb","itemListElement":[{"@type":"ListItem","position":1,"name":"Accueil","item":"http:\/\/design-in.city\/fr\/"},{"@type":"ListItem","position":2,"name":"POP IN STORE, des designers fran\u00e7ais et wallons \u00e0 d\u00e9couvrir \u00e0 Courtrai"}]},{"@type":"Person","@id":"http:\/\/design-in.city\/fr\/#\/schema\/person\/b08a40513a989a1042107e7bd82cecb8","name":"mHeuskin","image":{"@type":"ImageObject","@id":"http:\/\/design-in.city\/fr\/#personlogo","inLanguage":"fr-FR","url":"https:\/\/secure.gravatar.com\/avatar\/e6d1ca56972810fa68fa958fe4a5668a?s=96&d=mm&r=g","contentUrl":"https:\/\/secure.gravatar.com\/avatar\/e6d1ca56972810fa68fa958fe4a5668a?s=96&d=mm&r=g","caption":"mHeuskin"},"url":"https:\/\/design-in.city\/fr\/author\/mheuskin\/"}]}},"_links":{"self":[{"href":"https:\/\/design-in.city\/fr\/wp-json\/wp\/v2\/posts\/1832"}],"collection":[{"href":"https:\/\/design-in.city\/fr\/wp-json\/wp\/v2\/posts"}],"about":[{"href":"https:\/\/design-in.city\/fr\/wp-json\/wp\/v2\/types\/post"}],"author":[{"embeddable":true,"href":"https:\/\/design-in.city\/fr\/wp-json\/wp\/v2\/users\/6"}],"replies":[{"embeddable":true,"href":"https:\/\/design-in.city\/fr\/wp-json\/wp\/v2\/comments?post=1832"}],"version-history":[{"count":3,"href":"https:\/\/design-in.city\/fr\/wp-json\/wp\/v2\/posts\/1832\/revisions"}],"predecessor-version":[{"id":1842,"href":"https:\/\/design-in.city\/fr\/wp-json\/wp\/v2\/posts\/1832\/revisions\/1842"}],"wp:featuredmedia":[{"embeddable":true,"href":"https:\/\/design-in.city\/fr\/wp-json\/wp\/v2\/media\/1833"}],"wp:attachment":[{"href":"https:\/\/design-in.city\/fr\/wp-json\/wp\/v2\/media?parent=1832"}],"wp:term":[{"taxonomy":"category","embeddable":true,"href":"https:\/\/design-in.city\/fr\/wp-json\/wp\/v2\/categories?post=1832"},{"taxonomy":"post_tag","embeddable":true,"href":"https:\/\/design-in.city\/fr\/wp-json\/wp\/v2\/tags?post=1832"}],"curies":[{"name":"wp","href":"https:\/\/api.w.org\/{rel}","templated":true}]}}