{"id":1627,"date":"2021-12-10T15:53:36","date_gmt":"2021-12-10T14:53:36","guid":{"rendered":"http:\/\/design-in.city\/?p=1627"},"modified":"2021-12-10T16:18:27","modified_gmt":"2021-12-10T15:18:27","slug":"parcours-concours-design-in-shops-mons-cest-parti","status":"publish","type":"post","link":"https:\/\/design-in.city\/fr\/parcours-concours-design-in-shops-mons-cest-parti\/","title":{"rendered":"DESIGN IN SHOPS \u2013 Lancement du parcours-concours Mons"},"content":{"rendered":"<p>11 commerces en lice pour le prix du Public ! Votez pour votre commerces pr\u00e9f\u00e9r\u00e9 !&#8230;<\/p>\n","protected":false},"excerpt":{"rendered":"<p>11 commerces en lice pour le prix du Public ! Votez pour votre commerces pr\u00e9f\u00e9r\u00e9 !&#8230;<\/p>\n","protected":false},"author":6,"featured_media":1628,"comment_status":"closed","ping_status":"open","sticky":false,"template":"","format":"standard","meta":{"_monsterinsights_skip_tracking":false,"_monsterinsights_sitenote_active":false,"_monsterinsights_sitenote_note":"","_monsterinsights_sitenote_category":0},"categories":[11],"tags":[],"acf":[],"yoast_head":"<!-- This site is optimized with the Yoast SEO plugin v18.4.1 - https:\/\/yoast.com\/wordpress\/plugins\/seo\/ -->\n<title>DESIGN IN SHOPS \u2013 Lancement du parcours-concours Mons - Design&#039;In<\/title>\n<meta name=\"robots\" content=\"index, follow, max-snippet:-1, max-image-preview:large, max-video-preview:-1\" \/>\n<link rel=\"canonical\" href=\"https:\/\/design-in.city\/fr\/parcours-concours-design-in-shops-mons-cest-parti\/\" \/>\n<meta property=\"og:locale\" content=\"fr_FR\" \/>\n<meta property=\"og:type\" content=\"article\" \/>\n<meta property=\"og:title\" content=\"DESIGN IN SHOPS \u2013 Lancement du parcours-concours Mons - Design&#039;In\" \/>\n<meta property=\"og:description\" content=\"11 commerces en lice pour le prix du Public ! Votez pour votre commerces pr\u00e9f\u00e9r\u00e9 !&#8230;\" \/>\n<meta property=\"og:url\" content=\"https:\/\/design-in.city\/fr\/parcours-concours-design-in-shops-mons-cest-parti\/\" \/>\n<meta property=\"og:site_name\" content=\"Design&#039;In\" \/>\n<meta property=\"article:published_time\" content=\"2021-12-10T14:53:36+00:00\" \/>\n<meta property=\"article:modified_time\" content=\"2021-12-10T15:18:27+00:00\" \/>\n<meta property=\"og:image\" content=\"http:\/\/design-in.city\/wp-content\/uploads\/2021\/12\/DIS-MONS1.jpg\" \/>\n\t<meta property=\"og:image:width\" content=\"591\" \/>\n\t<meta property=\"og:image:height\" content=\"591\" \/>\n\t<meta property=\"og:image:type\" content=\"image\/jpeg\" \/>\n<meta name=\"twitter:card\" content=\"summary_large_image\" \/>\n<meta name=\"twitter:label1\" content=\"\u00c9crit par\" \/>\n\t<meta name=\"twitter:data1\" content=\"mHeuskin\" \/>\n\t<meta name=\"twitter:label2\" content=\"Dur\u00e9e de lecture estim\u00e9e\" \/>\n\t<meta name=\"twitter:data2\" content=\"1 minute\" \/>\n<script type=\"application\/ld+json\" class=\"yoast-schema-graph\">{\"@context\":\"https:\/\/schema.org\",\"@graph\":[{\"@type\":\"WebSite\",\"@id\":\"http:\/\/design-in.city\/fr\/#website\",\"url\":\"http:\/\/design-in.city\/fr\/\",\"name\":\"Design&#039;In\",\"description\":\"L\u2019objectif du projet DESIGN IN est de renforcer et stimuler le d\u00e9veloppement des commerces de centre-ville par l\u2019int\u00e9gration du design\",\"potentialAction\":[{\"@type\":\"SearchAction\",\"target\":{\"@type\":\"EntryPoint\",\"urlTemplate\":\"http:\/\/design-in.city\/fr\/?s={search_term_string}\"},\"query-input\":\"required name=search_term_string\"}],\"inLanguage\":\"fr-FR\"},{\"@type\":\"ImageObject\",\"@id\":\"https:\/\/design-in.city\/fr\/parcours-concours-design-in-shops-mons-cest-parti\/#primaryimage\",\"inLanguage\":\"fr-FR\",\"url\":\"https:\/\/design-in.city\/wp-content\/uploads\/2021\/12\/DIS-MONS1.jpg\",\"contentUrl\":\"https:\/\/design-in.city\/wp-content\/uploads\/2021\/12\/DIS-MONS1.jpg\",\"width\":591,\"height\":591},{\"@type\":\"WebPage\",\"@id\":\"https:\/\/design-in.city\/fr\/parcours-concours-design-in-shops-mons-cest-parti\/#webpage\",\"url\":\"https:\/\/design-in.city\/fr\/parcours-concours-design-in-shops-mons-cest-parti\/\",\"name\":\"DESIGN IN SHOPS \u2013 Lancement du parcours-concours Mons - Design&#039;In\",\"isPartOf\":{\"@id\":\"http:\/\/design-in.city\/fr\/#website\"},\"primaryImageOfPage\":{\"@id\":\"https:\/\/design-in.city\/fr\/parcours-concours-design-in-shops-mons-cest-parti\/#primaryimage\"},\"datePublished\":\"2021-12-10T14:53:36+00:00\",\"dateModified\":\"2021-12-10T15:18:27+00:00\",\"author\":{\"@id\":\"http:\/\/design-in.city\/fr\/#\/schema\/person\/b08a40513a989a1042107e7bd82cecb8\"},\"breadcrumb\":{\"@id\":\"https:\/\/design-in.city\/fr\/parcours-concours-design-in-shops-mons-cest-parti\/#breadcrumb\"},\"inLanguage\":\"fr-FR\",\"potentialAction\":[{\"@type\":\"ReadAction\",\"target\":[\"https:\/\/design-in.city\/fr\/parcours-concours-design-in-shops-mons-cest-parti\/\"]}]},{\"@type\":\"BreadcrumbList\",\"@id\":\"https:\/\/design-in.city\/fr\/parcours-concours-design-in-shops-mons-cest-parti\/#breadcrumb\",\"itemListElement\":[{\"@type\":\"ListItem\",\"position\":1,\"name\":\"Accueil\",\"item\":\"http:\/\/design-in.city\/fr\/\"},{\"@type\":\"ListItem\",\"position\":2,\"name\":\"DESIGN IN SHOPS \u2013 Lancement du parcours-concours Mons\"}]},{\"@type\":\"Person\",\"@id\":\"http:\/\/design-in.city\/fr\/#\/schema\/person\/b08a40513a989a1042107e7bd82cecb8\",\"name\":\"mHeuskin\",\"image\":{\"@type\":\"ImageObject\",\"@id\":\"http:\/\/design-in.city\/fr\/#personlogo\",\"inLanguage\":\"fr-FR\",\"url\":\"https:\/\/secure.gravatar.com\/avatar\/e6d1ca56972810fa68fa958fe4a5668a?s=96&d=mm&r=g\",\"contentUrl\":\"https:\/\/secure.gravatar.com\/avatar\/e6d1ca56972810fa68fa958fe4a5668a?s=96&d=mm&r=g\",\"caption\":\"mHeuskin\"},\"url\":\"https:\/\/design-in.city\/fr\/author\/mheuskin\/\"}]}<\/script>\n<!-- \/ Yoast SEO plugin. -->","yoast_head_json":{"title":"DESIGN IN SHOPS \u2013 Lancement du parcours-concours Mons - Design&#039;In","robots":{"index":"index","follow":"follow","max-snippet":"max-snippet:-1","max-image-preview":"max-image-preview:large","max-video-preview":"max-video-preview:-1"},"canonical":"https:\/\/design-in.city\/fr\/parcours-concours-design-in-shops-mons-cest-parti\/","og_locale":"fr_FR","og_type":"article","og_title":"DESIGN IN SHOPS \u2013 Lancement du parcours-concours Mons - Design&#039;In","og_description":"11 commerces en lice pour le prix du Public ! Votez pour votre commerces pr\u00e9f\u00e9r\u00e9 !&#8230;","og_url":"https:\/\/design-in.city\/fr\/parcours-concours-design-in-shops-mons-cest-parti\/","og_site_name":"Design&#039;In","article_published_time":"2021-12-10T14:53:36+00:00","article_modified_time":"2021-12-10T15:18:27+00:00","og_image":[{"width":591,"height":591,"url":"http:\/\/design-in.city\/wp-content\/uploads\/2021\/12\/DIS-MONS1.jpg","type":"image\/jpeg"}],"twitter_card":"summary_large_image","twitter_misc":{"\u00c9crit par":"mHeuskin","Dur\u00e9e de lecture estim\u00e9e":"1 minute"},"schema":{"@context":"https:\/\/schema.org","@graph":[{"@type":"WebSite","@id":"http:\/\/design-in.city\/fr\/#website","url":"http:\/\/design-in.city\/fr\/","name":"Design&#039;In","description":"L\u2019objectif du projet DESIGN IN est de renforcer et stimuler le d\u00e9veloppement des commerces de centre-ville par l\u2019int\u00e9gration du design","potentialAction":[{"@type":"SearchAction","target":{"@type":"EntryPoint","urlTemplate":"http:\/\/design-in.city\/fr\/?s={search_term_string}"},"query-input":"required name=search_term_string"}],"inLanguage":"fr-FR"},{"@type":"ImageObject","@id":"https:\/\/design-in.city\/fr\/parcours-concours-design-in-shops-mons-cest-parti\/#primaryimage","inLanguage":"fr-FR","url":"https:\/\/design-in.city\/wp-content\/uploads\/2021\/12\/DIS-MONS1.jpg","contentUrl":"https:\/\/design-in.city\/wp-content\/uploads\/2021\/12\/DIS-MONS1.jpg","width":591,"height":591},{"@type":"WebPage","@id":"https:\/\/design-in.city\/fr\/parcours-concours-design-in-shops-mons-cest-parti\/#webpage","url":"https:\/\/design-in.city\/fr\/parcours-concours-design-in-shops-mons-cest-parti\/","name":"DESIGN IN SHOPS \u2013 Lancement du parcours-concours Mons - Design&#039;In","isPartOf":{"@id":"http:\/\/design-in.city\/fr\/#website"},"primaryImageOfPage":{"@id":"https:\/\/design-in.city\/fr\/parcours-concours-design-in-shops-mons-cest-parti\/#primaryimage"},"datePublished":"2021-12-10T14:53:36+00:00","dateModified":"2021-12-10T15:18:27+00:00","author":{"@id":"http:\/\/design-in.city\/fr\/#\/schema\/person\/b08a40513a989a1042107e7bd82cecb8"},"breadcrumb":{"@id":"https:\/\/design-in.city\/fr\/parcours-concours-design-in-shops-mons-cest-parti\/#breadcrumb"},"inLanguage":"fr-FR","potentialAction":[{"@type":"ReadAction","target":["https:\/\/design-in.city\/fr\/parcours-concours-design-in-shops-mons-cest-parti\/"]}]},{"@type":"BreadcrumbList","@id":"https:\/\/design-in.city\/fr\/parcours-concours-design-in-shops-mons-cest-parti\/#breadcrumb","itemListElement":[{"@type":"ListItem","position":1,"name":"Accueil","item":"http:\/\/design-in.city\/fr\/"},{"@type":"ListItem","position":2,"name":"DESIGN IN SHOPS \u2013 Lancement du parcours-concours Mons"}]},{"@type":"Person","@id":"http:\/\/design-in.city\/fr\/#\/schema\/person\/b08a40513a989a1042107e7bd82cecb8","name":"mHeuskin","image":{"@type":"ImageObject","@id":"http:\/\/design-in.city\/fr\/#personlogo","inLanguage":"fr-FR","url":"https:\/\/secure.gravatar.com\/avatar\/e6d1ca56972810fa68fa958fe4a5668a?s=96&d=mm&r=g","contentUrl":"https:\/\/secure.gravatar.com\/avatar\/e6d1ca56972810fa68fa958fe4a5668a?s=96&d=mm&r=g","caption":"mHeuskin"},"url":"https:\/\/design-in.city\/fr\/author\/mheuskin\/"}]}},"_links":{"self":[{"href":"https:\/\/design-in.city\/fr\/wp-json\/wp\/v2\/posts\/1627"}],"collection":[{"href":"https:\/\/design-in.city\/fr\/wp-json\/wp\/v2\/posts"}],"about":[{"href":"https:\/\/design-in.city\/fr\/wp-json\/wp\/v2\/types\/post"}],"author":[{"embeddable":true,"href":"https:\/\/design-in.city\/fr\/wp-json\/wp\/v2\/users\/6"}],"replies":[{"embeddable":true,"href":"https:\/\/design-in.city\/fr\/wp-json\/wp\/v2\/comments?post=1627"}],"version-history":[{"count":4,"href":"https:\/\/design-in.city\/fr\/wp-json\/wp\/v2\/posts\/1627\/revisions"}],"predecessor-version":[{"id":1675,"href":"https:\/\/design-in.city\/fr\/wp-json\/wp\/v2\/posts\/1627\/revisions\/1675"}],"wp:featuredmedia":[{"embeddable":true,"href":"https:\/\/design-in.city\/fr\/wp-json\/wp\/v2\/media\/1628"}],"wp:attachment":[{"href":"https:\/\/design-in.city\/fr\/wp-json\/wp\/v2\/media?parent=1627"}],"wp:term":[{"taxonomy":"category","embeddable":true,"href":"https:\/\/design-in.city\/fr\/wp-json\/wp\/v2\/categories?post=1627"},{"taxonomy":"post_tag","embeddable":true,"href":"https:\/\/design-in.city\/fr\/wp-json\/wp\/v2\/tags?post=1627"}],"curies":[{"name":"wp","href":"https:\/\/api.w.org\/{rel}","templated":true}]}}